{"id":25716,"date":"2025-12-23T21:22:04","date_gmt":"2025-12-23T21:22:04","guid":{"rendered":"https:\/\/nuba.com\/mx\/?p=25716"},"modified":"2026-01-14T15:29:35","modified_gmt":"2026-01-14T21:29:35","slug":"ski-season-by-nuba","status":"publish","type":"post","link":"https:\/\/nuba.com\/mx\/blog\/ski-season-by-nuba\/","title":{"rendered":"Ski Season by NUBA"},"content":{"rendered":"\t\t<div data-elementor-type=\"wp-post\" data-elementor-id=\"25716\" class=\"elementor elementor-25716\" data-elementor-post-type=\"post\">\n\t\t\t\t\t\t<section class=\"elementor-section elementor-top-section elementor-element elementor-element-15a0af7b elementor-section-boxed elementor-section-height-default elementor-section-height-default\" data-id=\"15a0af7b\" data-element_type=\"section\" data-e-type=\"section\">\n\t\t\t\t\t\t<div class=\"elementor-container elementor-column-gap-default\">\n\t\t\t\t\t<div class=\"elementor-column elementor-col-100 elementor-top-column elementor-element elementor-element-27d3abf0\" data-id=\"27d3abf0\" data-element_type=\"column\" data-e-type=\"column\">\n\t\t\t<div class=\"elementor-widget-wrap elementor-element-populated\">\n\t\t\t\t\t\t<div class=\"elementor-element elementor-element-62b10100 elementor-widget elementor-widget-text-editor\" data-id=\"62b10100\" data-element_type=\"widget\" data-e-type=\"widget\" data-widget_type=\"text-editor.default\">\n\t\t\t\t<div class=\"elementor-widget-container\">\n\t\t\t\t\t\t\t\t\t<h2>El invierno no se trata solo de nieve.<\/h2><p class=\"p2\">El invierno no se trata solo de nieve. Se trata de destinos que transforman la temporada en una experiencia de dise\u00f1o, bienestar y descubrimiento. Desde las cumbres m\u00e1s exclusivas de Jap\u00f3n hasta los valles suizos o el aire puro de Colorado, NUBA selecciona lugares donde el esqu\u00ed se combina con gastronom\u00eda, cultura y una hospitalidad que redefine el lujo.<\/p><p class=\"p2\">Esta es una curadur\u00eda de destinos invernales pensada para viajeros que buscan algo m\u00e1s que descender monta\u00f1as: vivir el invierno con prop\u00f3sito, estilo y autenticidad.<\/p>\t\t\t\t\t\t\t\t<\/div>\n\t\t\t\t<\/div>\n\t\t\t\t\t<\/div>\n\t\t<\/div>\n\t\t\t\t\t<\/div>\n\t\t<\/section>\n\t\t\t\t<section class=\"elementor-section elementor-top-section elementor-element elementor-element-b786eae elementor-section-boxed elementor-section-height-default elementor-section-height-default\" data-id=\"b786eae\" data-element_type=\"section\" data-e-type=\"section\">\n\t\t\t\t\t\t<div class=\"elementor-container elementor-column-gap-default\">\n\t\t\t\t\t<div class=\"elementor-column elementor-col-100 elementor-top-column elementor-element elementor-element-a09a916\" data-id=\"a09a916\" data-element_type=\"column\" data-e-type=\"column\">\n\t\t\t<div class=\"elementor-widget-wrap elementor-element-populated\">\n\t\t\t\t\t\t<div class=\"elementor-element elementor-element-6e1e027 elementor-widget elementor-widget-image\" data-id=\"6e1e027\" data-element_type=\"widget\" data-e-type=\"widget\" data-widget_type=\"image.default\">\n\t\t\t\t<div class=\"elementor-widget-container\">\n\t\t\t\t\t\t\t\t\t\t\t\t\t\t\t<img fetchpriority=\"high\" decoding=\"async\" width=\"800\" height=\"450\" src=\"https:\/\/nuba.com\/mx\/wp-content\/uploads\/2025\/12\/02.HOSPEDAJE_VAIL-1-1024x576.jpg\" class=\"attachment-large size-large wp-image-25731\" alt=\"\" srcset=\"https:\/\/nuba.com\/mx\/wp-content\/uploads\/2025\/12\/02.HOSPEDAJE_VAIL-1-1024x576.jpg 1024w, https:\/\/nuba.com\/mx\/wp-content\/uploads\/2025\/12\/02.HOSPEDAJE_VAIL-1-300x169.jpg 300w, https:\/\/nuba.com\/mx\/wp-content\/uploads\/2025\/12\/02.HOSPEDAJE_VAIL-1-768x432.jpg 768w, https:\/\/nuba.com\/mx\/wp-content\/uploads\/2025\/12\/02.HOSPEDAJE_VAIL-1-1536x864.jpg 1536w, https:\/\/nuba.com\/mx\/wp-content\/uploads\/2025\/12\/02.HOSPEDAJE_VAIL-1-739x416.jpg 739w, https:\/\/nuba.com\/mx\/wp-content\/uploads\/2025\/12\/02.HOSPEDAJE_VAIL-1-395x222.jpg 395w, https:\/\/nuba.com\/mx\/wp-content\/uploads\/2025\/12\/02.HOSPEDAJE_VAIL-1-788x443.jpg 788w, https:\/\/nuba.com\/mx\/wp-content\/uploads\/2025\/12\/02.HOSPEDAJE_VAIL-1-600x337.jpg 600w, https:\/\/nuba.com\/mx\/wp-content\/uploads\/2025\/12\/02.HOSPEDAJE_VAIL-1.jpg 1860w\" sizes=\"(max-width: 800px) 100vw, 800px\" \/>\t\t\t\t\t\t\t\t\t\t\t\t\t\t\t<\/div>\n\t\t\t\t<\/div>\n\t\t\t\t\t<\/div>\n\t\t<\/div>\n\t\t\t\t\t<\/div>\n\t\t<\/section>\n\t\t\t\t<section class=\"elementor-section elementor-top-section elementor-element elementor-element-09e22e0 elementor-section-boxed elementor-section-height-default elementor-section-height-default\" data-id=\"09e22e0\" data-element_type=\"section\" data-e-type=\"section\">\n\t\t\t\t\t\t<div class=\"elementor-container elementor-column-gap-default\">\n\t\t\t\t\t<div class=\"elementor-column elementor-col-100 elementor-top-column elementor-element elementor-element-46c8b81\" data-id=\"46c8b81\" data-element_type=\"column\" data-e-type=\"column\">\n\t\t\t<div class=\"elementor-widget-wrap elementor-element-populated\">\n\t\t\t\t\t\t<div class=\"elementor-element elementor-element-8e2423c elementor-widget__width-initial elementor-widget elementor-widget-heading\" data-id=\"8e2423c\" data-element_type=\"widget\" data-e-type=\"widget\" data-widget_type=\"heading.default\">\n\t\t\t\t<div class=\"elementor-widget-container\">\n\t\t\t\t\t<h2 class=\"elementor-heading-title elementor-size-default\">Vail, Colorado<br><i>Four Seasons Resort and\nResidences Vail<\/i><\/h2>\t\t\t\t<\/div>\n\t\t\t\t<\/div>\n\t\t\t\t\t<\/div>\n\t\t<\/div>\n\t\t\t\t\t<\/div>\n\t\t<\/section>\n\t\t\t\t<section class=\"elementor-section elementor-top-section elementor-element elementor-element-252a1bc elementor-section-boxed elementor-section-height-default elementor-section-height-default\" data-id=\"252a1bc\" data-element_type=\"section\" data-e-type=\"section\">\n\t\t\t\t\t\t<div class=\"elementor-container elementor-column-gap-default\">\n\t\t\t\t\t<div class=\"elementor-column elementor-col-100 elementor-top-column elementor-element elementor-element-8d0921b\" data-id=\"8d0921b\" data-element_type=\"column\" data-e-type=\"column\">\n\t\t\t<div class=\"elementor-widget-wrap elementor-element-populated\">\n\t\t\t\t\t\t<div class=\"elementor-element elementor-element-70a531a elementor-widget elementor-widget-text-editor\" data-id=\"70a531a\" data-element_type=\"widget\" data-e-type=\"widget\" data-widget_type=\"text-editor.default\">\n\t\t\t\t<div class=\"elementor-widget-container\">\n\t\t\t\t\t\t\t\t\t<p>Ubicado en el coraz\u00f3n de las Monta\u00f1as Rocosas, Vail es el emblema del esqu\u00ed norteamericano. Dise\u00f1ado al estilo de un pueblo alpino, combina pistas legendarias con un ambiente relajado y sofisticado. Sus calles peatonales, boutiques, galer\u00edas y restaurantes con chimenea hacen que el apr\u00e8s-ski tenga aqu\u00ed una personalidad propia: c\u00e1lida, espont\u00e1nea y elegante sin esfuerzo. M\u00e1s all\u00e1 del esqu\u00ed, Vail es un destino que se vive al aire libre todo el a\u00f1o: trineos tirados por perros, rutas esc\u00e9nicas en snowmobile y excursiones que terminan con vino caliente bajo el cielo estrellado de Colorado.<\/p>\t\t\t\t\t\t\t\t<\/div>\n\t\t\t\t<\/div>\n\t\t\t\t\t<\/div>\n\t\t<\/div>\n\t\t\t\t\t<\/div>\n\t\t<\/section>\n\t\t\t\t<section class=\"elementor-section elementor-top-section elementor-element elementor-element-0c23dbe elementor-section-boxed elementor-section-height-default elementor-section-height-default\" data-id=\"0c23dbe\" data-element_type=\"section\" data-e-type=\"section\">\n\t\t\t\t\t\t<div class=\"elementor-container elementor-column-gap-default\">\n\t\t\t\t\t<div class=\"elementor-column elementor-col-100 elementor-top-column elementor-element elementor-element-3938f9c\" data-id=\"3938f9c\" data-element_type=\"column\" data-e-type=\"column\">\n\t\t\t<div class=\"elementor-widget-wrap elementor-element-populated\">\n\t\t\t\t\t\t<div class=\"elementor-element elementor-element-c80d342 elementor-widget elementor-widget-text-editor\" data-id=\"c80d342\" data-element_type=\"widget\" data-e-type=\"widget\" data-widget_type=\"text-editor.default\">\n\t\t\t\t<div class=\"elementor-widget-container\">\n\t\t\t\t\t\t\t\t\t<h2>D\u00f3nde hospedarse<\/h2><p>El Four Seasons Resort and Residences Vail representa la versi\u00f3n m\u00e1s contempor\u00e1nea del lujo alpino americano. Situado a pocos pasos de la g\u00f3ndola, combina arquitectura de monta\u00f1a con un servicio impecable y discreto. Las habitaciones, amplias y ba\u00f1adas por luz natural, ofrecen vistas al Gore Range y balcones privados. El spa -uno de los m\u00e1s reconocidos de la regi\u00f3n- cuenta con tratamientos inspirados en el entorno local y una piscina climatizada al aire libre rodeada de nieve. La propuesta culinaria destaca por Tavernetta, su experiencia gastron\u00f3mica de inspiraci\u00f3n italiana, donde los sabores reconfortantes y la t\u00e9cnica refinada elevan cada plato. El resort logra equilibrar el confort familiar con la sofisticaci\u00f3n que distingue a la marca Four Seasons.<\/p>\t\t\t\t\t\t\t\t<\/div>\n\t\t\t\t<\/div>\n\t\t\t\t\t<\/div>\n\t\t<\/div>\n\t\t\t\t\t<\/div>\n\t\t<\/section>\n\t\t\t\t<section class=\"elementor-section elementor-top-section elementor-element elementor-element-243e48b elementor-section-boxed elementor-section-height-default elementor-section-height-default\" data-id=\"243e48b\" data-element_type=\"section\" data-e-type=\"section\">\n\t\t\t\t\t\t<div class=\"elementor-container elementor-column-gap-default\">\n\t\t\t\t\t<div class=\"elementor-column elementor-col-100 elementor-top-column elementor-element elementor-element-f6e5c9d\" data-id=\"f6e5c9d\" data-element_type=\"column\" data-e-type=\"column\">\n\t\t\t<div class=\"elementor-widget-wrap elementor-element-populated\">\n\t\t\t\t\t\t<div class=\"elementor-element elementor-element-af57d67 elementor-widget elementor-widget-image\" data-id=\"af57d67\" data-element_type=\"widget\" data-e-type=\"widget\" data-widget_type=\"image.default\">\n\t\t\t\t<div class=\"elementor-widget-container\">\n\t\t\t\t\t\t\t\t\t\t\t\t\t\t\t<img decoding=\"async\" width=\"800\" height=\"534\" src=\"https:\/\/nuba.com\/mx\/wp-content\/uploads\/2025\/12\/04.EXPERIENCIA_2_NISEKO-1-1024x683.jpeg\" class=\"attachment-large size-large wp-image-25733\" alt=\"\" srcset=\"https:\/\/nuba.com\/mx\/wp-content\/uploads\/2025\/12\/04.EXPERIENCIA_2_NISEKO-1-1024x683.jpeg 1024w, https:\/\/nuba.com\/mx\/wp-content\/uploads\/2025\/12\/04.EXPERIENCIA_2_NISEKO-1-300x200.jpeg 300w, https:\/\/nuba.com\/mx\/wp-content\/uploads\/2025\/12\/04.EXPERIENCIA_2_NISEKO-1-768x512.jpeg 768w, https:\/\/nuba.com\/mx\/wp-content\/uploads\/2025\/12\/04.EXPERIENCIA_2_NISEKO-1-1536x1025.jpeg 1536w, https:\/\/nuba.com\/mx\/wp-content\/uploads\/2025\/12\/04.EXPERIENCIA_2_NISEKO-1-739x494.jpeg 739w, https:\/\/nuba.com\/mx\/wp-content\/uploads\/2025\/12\/04.EXPERIENCIA_2_NISEKO-1-395x264.jpeg 395w, https:\/\/nuba.com\/mx\/wp-content\/uploads\/2025\/12\/04.EXPERIENCIA_2_NISEKO-1-788x526.jpeg 788w, https:\/\/nuba.com\/mx\/wp-content\/uploads\/2025\/12\/04.EXPERIENCIA_2_NISEKO-1-600x400.jpeg 600w, https:\/\/nuba.com\/mx\/wp-content\/uploads\/2025\/12\/04.EXPERIENCIA_2_NISEKO-1.jpeg 1920w\" sizes=\"(max-width: 800px) 100vw, 800px\" \/>\t\t\t\t\t\t\t\t\t\t\t\t\t\t\t<\/div>\n\t\t\t\t<\/div>\n\t\t\t\t\t<\/div>\n\t\t<\/div>\n\t\t\t\t\t<\/div>\n\t\t<\/section>\n\t\t\t\t<section class=\"elementor-section elementor-top-section elementor-element elementor-element-a4645f3 elementor-section-boxed elementor-section-height-default elementor-section-height-default\" data-id=\"a4645f3\" data-element_type=\"section\" data-e-type=\"section\">\n\t\t\t\t\t\t<div class=\"elementor-container elementor-column-gap-default\">\n\t\t\t\t\t<div class=\"elementor-column elementor-col-100 elementor-top-column elementor-element elementor-element-6baac54\" data-id=\"6baac54\" data-element_type=\"column\" data-e-type=\"column\">\n\t\t\t<div class=\"elementor-widget-wrap elementor-element-populated\">\n\t\t\t\t\t\t<div class=\"elementor-element elementor-element-f5cb2a9 elementor-widget elementor-widget-text-editor\" data-id=\"f5cb2a9\" data-element_type=\"widget\" data-e-type=\"widget\" data-widget_type=\"text-editor.default\">\n\t\t\t\t<div class=\"elementor-widget-container\">\n\t\t\t\t\t\t\t\t\t<h2><b>Jap\u00f3n \u2014 Niseko, Hokkaido <\/b><b><\/b><\/h2><h2 class=\"p3\"><b><i>Park Hyatt Niseko Hanazono<\/i><\/b><\/h2><p class=\"p2\">En la isla norte de Jap\u00f3n, Niseko redefine el invierno. Su nieve \u2014fina, constante y sorprendentemente ligera\u2014 ha convertido este rinc\u00f3n de Hokkaido en un santuario para los amantes del esqu\u00ed y la naturaleza. Entre monta\u00f1as cubiertas de abedules y pueblos que parecen detenidos en el tiempo, Niseko combina la serenidad japonesa con una energ\u00eda cosmopolita. Desde los primeros descensos hasta los <i>onsen <\/i>bajo la nieve, cada instante refleja ese equilibrio entre aventura y contemplaci\u00f3n que solo se encuentra aqu\u00ed.<\/p><p class=\"p2\"><b>D\u00f3nde hospedarse <\/b><b><\/b><\/p><p class=\"p3\">En el coraz\u00f3n de Hanazono, el Park Hyatt Niseko Hanazono eleva la experiencia de monta\u00f1a a un nivel de sofisticaci\u00f3n natural. Su arquitectura limpia y contempor\u00e1nea dialoga con el paisaje, mientras que sus amplias suites ofrecen vistas al monte Annupuri y al monte Y\u014dtei. La propuesta gastron\u00f3mica es otro de sus grandes atractivos: desde el <i>fine dining <\/i>japon\u00e9s hasta la cocina francesa con productos de Hokkaido. Tras un d\u00eda de esqu\u00ed, su spa invita al descanso absoluto, combinando terapias tradicionales con la calidez de la hospitalidad japonesa. Un refugio donde cada detalle est\u00e1 pensado para conectar cuerpo y entorno.<\/p>\t\t\t\t\t\t\t\t<\/div>\n\t\t\t\t<\/div>\n\t\t\t\t\t<\/div>\n\t\t<\/div>\n\t\t\t\t\t<\/div>\n\t\t<\/section>\n\t\t\t\t<section class=\"elementor-section elementor-top-section elementor-element elementor-element-3169d3e elementor-section-boxed elementor-section-height-default elementor-section-height-default\" data-id=\"3169d3e\" data-element_type=\"section\" data-e-type=\"section\">\n\t\t\t\t\t\t<div class=\"elementor-container elementor-column-gap-default\">\n\t\t\t\t\t\t<\/div>\n\t\t<\/section>\n\t\t\t\t<section class=\"elementor-section elementor-top-section elementor-element elementor-element-03e9262 elementor-section-boxed elementor-section-height-default elementor-section-height-default\" data-id=\"03e9262\" data-element_type=\"section\" data-e-type=\"section\">\n\t\t\t\t\t\t<div class=\"elementor-container elementor-column-gap-default\">\n\t\t\t\t\t\t<\/div>\n\t\t<\/section>\n\t\t\t\t<section class=\"elementor-section elementor-top-section elementor-element elementor-element-9260825 elementor-section-boxed elementor-section-height-default elementor-section-height-default\" data-id=\"9260825\" data-element_type=\"section\" data-e-type=\"section\">\n\t\t\t\t\t\t<div class=\"elementor-container elementor-column-gap-default\">\n\t\t\t\t\t\t<\/div>\n\t\t<\/section>\n\t\t\t\t<section class=\"elementor-section elementor-top-section elementor-element elementor-element-bb4e814 elementor-section-boxed elementor-section-height-default elementor-section-height-default\" data-id=\"bb4e814\" data-element_type=\"section\" data-e-type=\"section\">\n\t\t\t\t\t\t<div class=\"elementor-container elementor-column-gap-default\">\n\t\t\t\t\t\t<\/div>\n\t\t<\/section>\n\t\t\t\t<section class=\"elementor-section elementor-top-section elementor-element elementor-element-e0561c9 elementor-section-boxed elementor-section-height-default elementor-section-height-default\" data-id=\"e0561c9\" data-element_type=\"section\" data-e-type=\"section\">\n\t\t\t\t\t\t<div class=\"elementor-container elementor-column-gap-default\">\n\t\t\t\t\t\t<\/div>\n\t\t<\/section>\n\t\t\t\t<section class=\"elementor-section elementor-top-section elementor-element elementor-element-6728fdf elementor-section-boxed elementor-section-height-default elementor-section-height-default\" data-id=\"6728fdf\" data-element_type=\"section\" data-e-type=\"section\">\n\t\t\t\t\t\t<div class=\"elementor-container elementor-column-gap-default\">\n\t\t\t\t\t<div class=\"elementor-column elementor-col-100 elementor-top-column elementor-element elementor-element-4fdbde6\" data-id=\"4fdbde6\" data-element_type=\"column\" data-e-type=\"column\">\n\t\t\t<div class=\"elementor-widget-wrap elementor-element-populated\">\n\t\t\t\t\t\t<div class=\"elementor-element elementor-element-72a5e64 elementor-widget elementor-widget-image\" data-id=\"72a5e64\" data-element_type=\"widget\" data-e-type=\"widget\" data-widget_type=\"image.default\">\n\t\t\t\t<div class=\"elementor-widget-container\">\n\t\t\t\t\t\t\t\t\t\t\t\t\t\t\t<img decoding=\"async\" width=\"800\" height=\"470\" src=\"https:\/\/nuba.com\/mx\/wp-content\/uploads\/2025\/12\/02.HOSPEDAJE_WHISTLER-1024x601.jpg\" class=\"attachment-large size-large wp-image-25734\" alt=\"\" srcset=\"https:\/\/nuba.com\/mx\/wp-content\/uploads\/2025\/12\/02.HOSPEDAJE_WHISTLER-1024x601.jpg 1024w, https:\/\/nuba.com\/mx\/wp-content\/uploads\/2025\/12\/02.HOSPEDAJE_WHISTLER-300x176.jpg 300w, https:\/\/nuba.com\/mx\/wp-content\/uploads\/2025\/12\/02.HOSPEDAJE_WHISTLER-768x450.jpg 768w, https:\/\/nuba.com\/mx\/wp-content\/uploads\/2025\/12\/02.HOSPEDAJE_WHISTLER-1536x901.jpg 1536w, https:\/\/nuba.com\/mx\/wp-content\/uploads\/2025\/12\/02.HOSPEDAJE_WHISTLER-739x433.jpg 739w, https:\/\/nuba.com\/mx\/wp-content\/uploads\/2025\/12\/02.HOSPEDAJE_WHISTLER-395x232.jpg 395w, https:\/\/nuba.com\/mx\/wp-content\/uploads\/2025\/12\/02.HOSPEDAJE_WHISTLER-788x462.jpg 788w, https:\/\/nuba.com\/mx\/wp-content\/uploads\/2025\/12\/02.HOSPEDAJE_WHISTLER-600x352.jpg 600w, https:\/\/nuba.com\/mx\/wp-content\/uploads\/2025\/12\/02.HOSPEDAJE_WHISTLER.jpg 1920w\" sizes=\"(max-width: 800px) 100vw, 800px\" \/>\t\t\t\t\t\t\t\t\t\t\t\t\t\t\t<\/div>\n\t\t\t\t<\/div>\n\t\t\t\t<div class=\"elementor-element elementor-element-d12db65 elementor-widget elementor-widget-text-editor\" data-id=\"d12db65\" data-element_type=\"widget\" data-e-type=\"widget\" data-widget_type=\"text-editor.default\">\n\t\t\t\t<div class=\"elementor-widget-container\">\n\t\t\t\t\t\t\t\t\t<h2 class=\"p2\"><b>Canad\u00e1 \u2014 Whistler, British Columbia <\/b><b><\/b><\/h2><h2 class=\"p3\"><b><i>Four Seasons Resort Whistler <\/i><\/b><\/h2><p class=\"p2\">A solo dos horas de Vancouver, <b>Whistler <\/b>combina la majestuosidad de la Columbia Brit\u00e1nica con la energ\u00eda moderna de una aldea alpina. Entre bosques de cedros, glaciares milenarios y pistas legendarias, es el destino m\u00e1s ic\u00f3nico del esqu\u00ed en Canad\u00e1. Su esp\u00edritu mezcla naturaleza y sofisticaci\u00f3n: caf\u00e9s con chimenea, boutiques locales, restaurantes de monta\u00f1a y un ambiente relajado que mantiene el equilibrio entre lo salvaje y lo exquisito. Aqu\u00ed, cada jornada puede comenzar con adrenalina en las pistas y terminar con una copa junto al fuego.<\/p><p class=\"p2\"><b>D\u00f3nde hospedarse <\/b><b><\/b><\/p><p class=\"p3\">El <b>Four Seasons Resort Whistler <\/b>redefine el confort de monta\u00f1a con un estilo c\u00e1lido y contempor\u00e1neo. Sus espacios, inspirados en la naturaleza del Pac\u00edfico Norte, combinan madera, piedra y luz natural en un dise\u00f1o que invita al descanso. El resort ofrece acceso directo a las pistas de Whistler Blackcomb, uno de los dominios m\u00e1s extensos de Norteam\u00e9rica, y un servicio <i>ski concierge <\/i>que anticipa cada detalle del d\u00eda en la nieve. El spa, reconocido como uno de los mejores de Canad\u00e1, ofrece tratamientos con ingredientes locales \u2014como pino, sal marina y aceites del bosque\u2014, mientras que el restaurante <i>SIDECUT Steakhouse <\/i>celebra los sabores de la regi\u00f3n con una cocina moderna y precisa.<\/p>\t\t\t\t\t\t\t\t<\/div>\n\t\t\t\t<\/div>\n\t\t\t\t\t<\/div>\n\t\t<\/div>\n\t\t\t\t\t<\/div>\n\t\t<\/section>\n\t\t\t\t<section class=\"elementor-section elementor-top-section elementor-element elementor-element-e908138 elementor-section-boxed elementor-section-height-default elementor-section-height-default\" data-id=\"e908138\" data-element_type=\"section\" data-e-type=\"section\">\n\t\t\t\t\t\t<div class=\"elementor-container elementor-column-gap-default\">\n\t\t\t\t\t\t<\/div>\n\t\t<\/section>\n\t\t\t\t<section class=\"elementor-section elementor-top-section elementor-element elementor-element-82a25b4 elementor-section-boxed elementor-section-height-default elementor-section-height-default\" data-id=\"82a25b4\" data-element_type=\"section\" data-e-type=\"section\">\n\t\t\t\t\t\t<div class=\"elementor-container elementor-column-gap-default\">\n\t\t\t\t\t<div class=\"elementor-column elementor-col-100 elementor-top-column elementor-element elementor-element-75d0f5d\" data-id=\"75d0f5d\" data-element_type=\"column\" data-e-type=\"column\">\n\t\t\t<div class=\"elementor-widget-wrap elementor-element-populated\">\n\t\t\t\t\t\t<div class=\"elementor-element elementor-element-5b620e0 elementor-widget elementor-widget-image\" data-id=\"5b620e0\" data-element_type=\"widget\" data-e-type=\"widget\" data-widget_type=\"image.default\">\n\t\t\t\t<div class=\"elementor-widget-container\">\n\t\t\t\t\t\t\t\t\t\t\t\t\t\t\t<img loading=\"lazy\" decoding=\"async\" width=\"800\" height=\"600\" src=\"https:\/\/nuba.com\/mx\/wp-content\/uploads\/2025\/12\/04.EXPERIENCIA_2_DOLOMITAS.jpg\" class=\"attachment-large size-large wp-image-25736\" alt=\"\" srcset=\"https:\/\/nuba.com\/mx\/wp-content\/uploads\/2025\/12\/04.EXPERIENCIA_2_DOLOMITAS.jpg 800w, https:\/\/nuba.com\/mx\/wp-content\/uploads\/2025\/12\/04.EXPERIENCIA_2_DOLOMITAS-300x225.jpg 300w, https:\/\/nuba.com\/mx\/wp-content\/uploads\/2025\/12\/04.EXPERIENCIA_2_DOLOMITAS-768x576.jpg 768w, https:\/\/nuba.com\/mx\/wp-content\/uploads\/2025\/12\/04.EXPERIENCIA_2_DOLOMITAS-659x494.jpg 659w, https:\/\/nuba.com\/mx\/wp-content\/uploads\/2025\/12\/04.EXPERIENCIA_2_DOLOMITAS-395x296.jpg 395w, https:\/\/nuba.com\/mx\/wp-content\/uploads\/2025\/12\/04.EXPERIENCIA_2_DOLOMITAS-704x528.jpg 704w, https:\/\/nuba.com\/mx\/wp-content\/uploads\/2025\/12\/04.EXPERIENCIA_2_DOLOMITAS-788x591.jpg 788w, https:\/\/nuba.com\/mx\/wp-content\/uploads\/2025\/12\/04.EXPERIENCIA_2_DOLOMITAS-600x450.jpg 600w\" sizes=\"(max-width: 800px) 100vw, 800px\" \/>\t\t\t\t\t\t\t\t\t\t\t\t\t\t\t<\/div>\n\t\t\t\t<\/div>\n\t\t\t\t<div class=\"elementor-element elementor-element-70e0c15 elementor-widget elementor-widget-text-editor\" data-id=\"70e0c15\" data-element_type=\"widget\" data-e-type=\"widget\" data-widget_type=\"text-editor.default\">\n\t\t\t\t<div class=\"elementor-widget-container\">\n\t\t\t\t\t\t\t\t\t<h2><b>Italia \u2014 Dolomitas <\/b><b><\/b><\/h2><h2 class=\"p3\"><b><i>Aman Rosa Alpina <\/i><\/b><\/h2><p class=\"p2\">Entre los paisajes esculpidos de los Dolomitas, <b>San Cassiano <\/b>es un refugio alpino que conserva la esencia del Tirol del Sur: monta\u00f1as imponentes, tradiciones vivas y una gastronom\u00eda que trasciende fronteras. Este rinc\u00f3n de Alta Badia combina la serenidad de un pueblo de monta\u00f1a con la sofisticaci\u00f3n de uno de los destinos m\u00e1s fotog\u00e9nicos del invierno europeo.<\/p><p class=\"p2\">Las vistas son de otro mundo: picos rosados al amanecer, bosques cubiertos de nieve y caminos que conducen a peque\u00f1as caba\u00f1as donde el tiempo parece detenerse. Aqu\u00ed, el esqu\u00ed convive con el arte de la contemplaci\u00f3n, y cada jornada se vive con el ritmo pausado y la calidez italiana.<\/p><p class=\"p2\"><b>D\u00f3nde hospedarse <\/b><b><\/b><\/p><p class=\"p3\">En el coraz\u00f3n de San Cassiano, el <b>Aman Rosa Alpina <\/b>captura el esp\u00edritu de los Dolomitas con la est\u00e9tica serena y atemporal de Aman. Sus habitaciones, revestidas en madera clara y piedra local, reflejan la pureza del entorno y la calidez de una casa de monta\u00f1a. El hotel ofrece acceso directo al dominio de Dolomiti Superski y al Parque Natural Fanes-Senes-Braies, reconocido por la UNESCO. Su <i>spa<\/i>, inspirado en los elementos de la naturaleza, incluye piscina interior, salas de vapor y tratamientos con ingredientes alpinos. La propuesta gastron\u00f3mica es liderada por el chef Norbert Niederkofler, galardonado con tres estrellas Michelin, quien transforma los productos locales en un homenaje a la sostenibilidad y al territorio.<\/p>\t\t\t\t\t\t\t\t<\/div>\n\t\t\t\t<\/div>\n\t\t\t\t\t<\/div>\n\t\t<\/div>\n\t\t\t\t\t<\/div>\n\t\t<\/section>\n\t\t\t\t<section class=\"elementor-section elementor-top-section elementor-element elementor-element-b9c97f6 elementor-section-boxed elementor-section-height-default elementor-section-height-default\" data-id=\"b9c97f6\" data-element_type=\"section\" data-e-type=\"section\">\n\t\t\t\t\t\t<div class=\"elementor-container elementor-column-gap-default\">\n\t\t\t\t\t\t<\/div>\n\t\t<\/section>\n\t\t\t\t<section class=\"elementor-section elementor-top-section elementor-element elementor-element-7753113 elementor-section-boxed elementor-section-height-default elementor-section-height-default\" data-id=\"7753113\" data-element_type=\"section\" data-e-type=\"section\">\n\t\t\t\t\t\t<div class=\"elementor-container elementor-column-gap-default\">\n\t\t\t\t\t<div class=\"elementor-column elementor-col-100 elementor-top-column elementor-element elementor-element-167c948\" data-id=\"167c948\" data-element_type=\"column\" data-e-type=\"column\">\n\t\t\t<div class=\"elementor-widget-wrap elementor-element-populated\">\n\t\t\t\t\t\t<div class=\"elementor-element elementor-element-9713f87 elementor-widget elementor-widget-image\" data-id=\"9713f87\" data-element_type=\"widget\" data-e-type=\"widget\" data-widget_type=\"image.default\">\n\t\t\t\t<div class=\"elementor-widget-container\">\n\t\t\t\t\t\t\t\t\t\t\t\t\t\t\t<img loading=\"lazy\" decoding=\"async\" width=\"750\" height=\"500\" src=\"https:\/\/nuba.com\/mx\/wp-content\/uploads\/2025\/12\/02.HOSPEDAJE_COURCHEVEL.jpg\" class=\"attachment-large size-large wp-image-25737\" alt=\"\" srcset=\"https:\/\/nuba.com\/mx\/wp-content\/uploads\/2025\/12\/02.HOSPEDAJE_COURCHEVEL.jpg 750w, https:\/\/nuba.com\/mx\/wp-content\/uploads\/2025\/12\/02.HOSPEDAJE_COURCHEVEL-300x200.jpg 300w, https:\/\/nuba.com\/mx\/wp-content\/uploads\/2025\/12\/02.HOSPEDAJE_COURCHEVEL-739x494.jpg 739w, https:\/\/nuba.com\/mx\/wp-content\/uploads\/2025\/12\/02.HOSPEDAJE_COURCHEVEL-395x263.jpg 395w, https:\/\/nuba.com\/mx\/wp-content\/uploads\/2025\/12\/02.HOSPEDAJE_COURCHEVEL-600x400.jpg 600w\" sizes=\"(max-width: 750px) 100vw, 750px\" \/>\t\t\t\t\t\t\t\t\t\t\t\t\t\t\t<\/div>\n\t\t\t\t<\/div>\n\t\t\t\t<div class=\"elementor-element elementor-element-af435ae elementor-widget elementor-widget-text-editor\" data-id=\"af435ae\" data-element_type=\"widget\" data-e-type=\"widget\" data-widget_type=\"text-editor.default\">\n\t\t\t\t<div class=\"elementor-widget-container\">\n\t\t\t\t\t\t\t\t\t<h2 class=\"p2\"><b>Francia \u2014 Courchevel, Alpes Franceses <\/b><b><\/b><\/h2><h2 class=\"p3\"><b><i>Les Airelles Courchevel, Courchevel 1850 <\/i><\/b><\/h2><p class=\"p2\">Entre los picos de la Savoie, Courchevel encarna el refinamiento alpino en su m\u00e1xima expresi\u00f3n. No es solo una estaci\u00f3n de esqu\u00ed, es el coraz\u00f3n del lujo invernal europeo: boutiques de alta costura, restaurantes con estrellas Michelin y pistas impecables que conectan con el legendario dominio de <i>Les Trois Vall\u00e9es<\/i>. Aqu\u00ed, cada jornada se dise\u00f1a a la medida. Desde el primer descenso sobre nieve reci\u00e9n ca\u00edda hasta el <i>apr\u00e8s-ski <\/i>con champa\u00f1a junto a la chimenea, Courchevel combina la emoci\u00f3n del deporte con el arte de vivir franc\u00e9s. Un destino donde la monta\u00f1a se experimenta con la misma elegancia con la que se disfruta Par\u00eds.<\/p><p class=\"p2\"><b>D\u00f3nde hospedarse <\/b><b><\/b><\/p><p class=\"p3\">En el coraz\u00f3n de Courchevel 1850, <b>Les Airelles <\/b>es un palacio alpino que redefine el lujo cl\u00e1sico. Inspirado en la arquitectura austroh\u00fangara del siglo XIX, combina maderas talladas, tapices y luz c\u00e1lida con un servicio que anticipa cada deseo. Sus suites \u2014muchas con terrazas privadas y vistas a las pistas\u2014 evocan la atm\u00f3sfera de un refugio de cuento, pero con el nivel de detalle que solo una <i>Maison <\/i>francesa puede ofrecer. La gastronom\u00eda corre a cargo de Pierre Gagnaire, mientras que el spa Guerlain, con su piscina subterr\u00e1nea y salas de vapor en piedra, es un oasis de quietud absoluta. Hospedarse aqu\u00ed es vivir Courchevel desde su epicentro m\u00e1s exclusivo: donde tradici\u00f3n y sofisticaci\u00f3n conviven sin esfuerzo.<\/p>\t\t\t\t\t\t\t\t<\/div>\n\t\t\t\t<\/div>\n\t\t\t\t\t<\/div>\n\t\t<\/div>\n\t\t\t\t\t<\/div>\n\t\t<\/section>\n\t\t\t\t<section class=\"elementor-section elementor-top-section elementor-element elementor-element-4977ed7 elementor-section-boxed elementor-section-height-default elementor-section-height-default\" data-id=\"4977ed7\" data-element_type=\"section\" data-e-type=\"section\">\n\t\t\t\t\t\t<div class=\"elementor-container elementor-column-gap-default\">\n\t\t\t\t\t<div class=\"elementor-column elementor-col-100 elementor-top-column elementor-element elementor-element-52b6b7b\" data-id=\"52b6b7b\" data-element_type=\"column\" data-e-type=\"column\">\n\t\t\t<div class=\"elementor-widget-wrap elementor-element-populated\">\n\t\t\t\t\t\t<div class=\"elementor-element elementor-element-3907395 elementor-widget elementor-widget-image\" data-id=\"3907395\" data-element_type=\"widget\" data-e-type=\"widget\" data-widget_type=\"image.default\">\n\t\t\t\t<div class=\"elementor-widget-container\">\n\t\t\t\t\t\t\t\t\t\t\t\t\t\t\t<img loading=\"lazy\" decoding=\"async\" width=\"800\" height=\"534\" src=\"https:\/\/nuba.com\/mx\/wp-content\/uploads\/2025\/12\/01.PORTADA_CRANS_MONTANA-1024x683.jpg\" class=\"attachment-large size-large wp-image-25738\" alt=\"\" srcset=\"https:\/\/nuba.com\/mx\/wp-content\/uploads\/2025\/12\/01.PORTADA_CRANS_MONTANA-1024x683.jpg 1024w, https:\/\/nuba.com\/mx\/wp-content\/uploads\/2025\/12\/01.PORTADA_CRANS_MONTANA-300x200.jpg 300w, https:\/\/nuba.com\/mx\/wp-content\/uploads\/2025\/12\/01.PORTADA_CRANS_MONTANA-768x512.jpg 768w, https:\/\/nuba.com\/mx\/wp-content\/uploads\/2025\/12\/01.PORTADA_CRANS_MONTANA-1536x1024.jpg 1536w, https:\/\/nuba.com\/mx\/wp-content\/uploads\/2025\/12\/01.PORTADA_CRANS_MONTANA-2048x1365.jpg 2048w, https:\/\/nuba.com\/mx\/wp-content\/uploads\/2025\/12\/01.PORTADA_CRANS_MONTANA-739x494.jpg 739w, https:\/\/nuba.com\/mx\/wp-content\/uploads\/2025\/12\/01.PORTADA_CRANS_MONTANA-395x263.jpg 395w, https:\/\/nuba.com\/mx\/wp-content\/uploads\/2025\/12\/01.PORTADA_CRANS_MONTANA-788x525.jpg 788w, https:\/\/nuba.com\/mx\/wp-content\/uploads\/2025\/12\/01.PORTADA_CRANS_MONTANA-600x400.jpg 600w\" sizes=\"(max-width: 800px) 100vw, 800px\" \/>\t\t\t\t\t\t\t\t\t\t\t\t\t\t\t<\/div>\n\t\t\t\t<\/div>\n\t\t\t\t<div class=\"elementor-element elementor-element-aa337a3 elementor-widget elementor-widget-text-editor\" data-id=\"aa337a3\" data-element_type=\"widget\" data-e-type=\"widget\" data-widget_type=\"text-editor.default\">\n\t\t\t\t<div class=\"elementor-widget-container\">\n\t\t\t\t\t\t\t\t\t<h2 class=\"p2\"><b>Suiza \u2014 Crans-Montana <\/b><b><\/b><\/h2><h2 class=\"p3\"><b><i>Six Senses Crans-Montana <\/i><\/b><\/h2><p class=\"p2\">Entre los valles soleados del Valais, <b>Crans-Montana <\/b>representa una nueva forma de vivir los Alpes suizos: relajada, contempor\u00e1nea y profundamente conectada con el bienestar. Situada a m\u00e1s de 1,500 metros de altitud, combina lo mejor de dos mundos: la vitalidad de una estaci\u00f3n cosmopolita y la calma intacta de la monta\u00f1a. Durante el d\u00eda, sus pistas ba\u00f1adas por el sol ofrecen vistas abiertas al Mont Blanc y al Matterhorn. Al atardecer, el ambiente se transforma entre catas de vino, galer\u00edas de arte y terrazas con una energ\u00eda serena que define el estilo suizo moderno.<\/p><p class=\"p2\"><b>D\u00f3nde hospedarse <\/b><b><\/b><\/p><p class=\"p3\">El <b>Six Senses Crans-Montana <\/b>reinterpreta la hospitalidad alpina desde la filosof\u00eda del bienestar. Su dise\u00f1o combina materiales naturales con l\u00edneas contempor\u00e1neas que dialogan con el entorno. El <i>Six Senses Spa<\/i>, uno de los m\u00e1s destacados de los Alpes, ofrece terapias hol\u00edsticas, hidroterapia, yoga y un <i>biohacking lounge <\/i>para la recuperaci\u00f3n tras un d\u00eda en las pistas. Las suites, amplias y ba\u00f1adas por la luz natural, integran la monta\u00f1a en cada vista. En la cocina, los productos del Valais protagonizan men\u00fas de temporada con un enfoque sostenible, donde la gastronom\u00eda se vive como parte del equilibrio general que propone el hotel.<\/p>\t\t\t\t\t\t\t\t<\/div>\n\t\t\t\t<\/div>\n\t\t\t\t\t<\/div>\n\t\t<\/div>\n\t\t\t\t\t<\/div>\n\t\t<\/section>\n\t\t\t\t<section class=\"elementor-section elementor-top-section elementor-element elementor-element-b823bf4 elementor-section-boxed elementor-section-height-default elementor-section-height-default\" data-id=\"b823bf4\" data-element_type=\"section\" data-e-type=\"section\">\n\t\t\t\t\t\t<div class=\"elementor-container elementor-column-gap-default\">\n\t\t\t\t\t<div class=\"elementor-column elementor-col-100 elementor-top-column elementor-element elementor-element-8631a60\" data-id=\"8631a60\" data-element_type=\"column\" data-e-type=\"column\">\n\t\t\t<div class=\"elementor-widget-wrap elementor-element-populated\">\n\t\t\t\t\t\t<div class=\"elementor-element elementor-element-6d45339 elementor-widget elementor-widget-image\" data-id=\"6d45339\" data-element_type=\"widget\" data-e-type=\"widget\" data-widget_type=\"image.default\">\n\t\t\t\t<div class=\"elementor-widget-container\">\n\t\t\t\t\t\t\t\t\t\t\t\t\t\t\t<img loading=\"lazy\" decoding=\"async\" width=\"800\" height=\"800\" src=\"https:\/\/nuba.com\/mx\/wp-content\/uploads\/2025\/12\/01.PORTADA_ST_MORITZ-1024x1024.png\" class=\"attachment-large size-large wp-image-25739\" alt=\"\" srcset=\"https:\/\/nuba.com\/mx\/wp-content\/uploads\/2025\/12\/01.PORTADA_ST_MORITZ-1024x1024.png 1024w, https:\/\/nuba.com\/mx\/wp-content\/uploads\/2025\/12\/01.PORTADA_ST_MORITZ-300x300.png 300w, https:\/\/nuba.com\/mx\/wp-content\/uploads\/2025\/12\/01.PORTADA_ST_MORITZ-150x150.png 150w, https:\/\/nuba.com\/mx\/wp-content\/uploads\/2025\/12\/01.PORTADA_ST_MORITZ-768x768.png 768w, https:\/\/nuba.com\/mx\/wp-content\/uploads\/2025\/12\/01.PORTADA_ST_MORITZ-494x494.png 494w, https:\/\/nuba.com\/mx\/wp-content\/uploads\/2025\/12\/01.PORTADA_ST_MORITZ-395x395.png 395w, https:\/\/nuba.com\/mx\/wp-content\/uploads\/2025\/12\/01.PORTADA_ST_MORITZ-528x528.png 528w, https:\/\/nuba.com\/mx\/wp-content\/uploads\/2025\/12\/01.PORTADA_ST_MORITZ-788x788.png 788w, https:\/\/nuba.com\/mx\/wp-content\/uploads\/2025\/12\/01.PORTADA_ST_MORITZ-600x600.png 600w, https:\/\/nuba.com\/mx\/wp-content\/uploads\/2025\/12\/01.PORTADA_ST_MORITZ-100x100.png 100w, https:\/\/nuba.com\/mx\/wp-content\/uploads\/2025\/12\/01.PORTADA_ST_MORITZ.png 1080w\" sizes=\"(max-width: 800px) 100vw, 800px\" \/>\t\t\t\t\t\t\t\t\t\t\t\t\t\t\t<\/div>\n\t\t\t\t<\/div>\n\t\t\t\t<div class=\"elementor-element elementor-element-3dde03b elementor-widget elementor-widget-text-editor\" data-id=\"3dde03b\" data-element_type=\"widget\" data-e-type=\"widget\" data-widget_type=\"text-editor.default\">\n\t\t\t\t<div class=\"elementor-widget-container\">\n\t\t\t\t\t\t\t\t\t<h2 class=\"p2\"><b>Suiza \u2014 St. Moritz <\/b><b><\/b><\/h2><h2 class=\"p3\"><b><i>Badrutt\u2019s Palace Hotel <\/i><\/b><\/h2><p class=\"p2\">Enclavado en el valle de Engadina, <b>St. Moritz <\/b>es sin\u00f3nimo de historia, sofisticaci\u00f3n y estilo alpino en su versi\u00f3n m\u00e1s refinada. Fue aqu\u00ed donde naci\u00f3 el concepto de las vacaciones de invierno, y donde cada temporada la nieve se convierte en escenario de cultura, dise\u00f1o y alta sociedad. M\u00e1s que una estaci\u00f3n de esqu\u00ed, St. Moritz es un s\u00edmbolo: boutiques de lujo, caf\u00e9s hist\u00f3ricos, galer\u00edas de arte y eventos que marcan el calendario invernal, como la Snow Polo World Cup o el White Turf sobre el lago helado. Entre monta\u00f1as ba\u00f1adas por el sol y una energ\u00eda cosmopolita \u00fanica, el esp\u00edritu del invierno suizo alcanza aqu\u00ed su m\u00e1xima expresi\u00f3n.<\/p><p class=\"p2\"><b>D\u00f3nde hospedarse <\/b><b><\/b><\/p><p class=\"p3\">El <b>Badrutt\u2019s Palace Hotel <\/b>es una instituci\u00f3n. Inaugurado en 1896, ha sido el punto de encuentro de la aristocracia europea, artistas y viajeros que entienden el lujo como una tradici\u00f3n. Su arquitectura Belle \u00c9poque domina el lago St. Moritz, y su interior combina historia, arte y un servicio que mantiene la elegancia de otra \u00e9poca. Las habitaciones, muchas con balcones privados, conservan el encanto del viejo mundo con detalles contempor\u00e1neos. El hotel cuenta con nueve restaurantes \u2014entre ellos el legendario <i>Le Restaurant<\/i>\u2014, un spa con vistas al lago y acceso directo a las pistas de Corviglia. Cada rinc\u00f3n del Palace refleja autenticidad: desde el vest\u00edbulo con su ic\u00f3nica chimenea hasta el <i>King\u2019s Club<\/i>, el club nocturno m\u00e1s antiguo y emblem\u00e1tico de los Alpes. Hospedarse aqu\u00ed es revivir la historia del invierno con el sello suizo de perfecci\u00f3n.<\/p>\t\t\t\t\t\t\t\t<\/div>\n\t\t\t\t<\/div>\n\t\t\t\t<div class=\"elementor-element elementor-element-43f3477 elementor-widget elementor-widget-image\" data-id=\"43f3477\" data-element_type=\"widget\" data-e-type=\"widget\" data-widget_type=\"image.default\">\n\t\t\t\t<div class=\"elementor-widget-container\">\n\t\t\t\t\t\t\t\t\t\t\t\t\t\t\t<img loading=\"lazy\" decoding=\"async\" width=\"800\" height=\"800\" src=\"https:\/\/nuba.com\/mx\/wp-content\/uploads\/2025\/12\/03.EXPERIENCIA_1_SUNSET_ON_THE_SNOW_TRAIL.png\" class=\"attachment-large size-large wp-image-25740\" alt=\"\" srcset=\"https:\/\/nuba.com\/mx\/wp-content\/uploads\/2025\/12\/03.EXPERIENCIA_1_SUNSET_ON_THE_SNOW_TRAIL.png 1024w, https:\/\/nuba.com\/mx\/wp-content\/uploads\/2025\/12\/03.EXPERIENCIA_1_SUNSET_ON_THE_SNOW_TRAIL-300x300.png 300w, https:\/\/nuba.com\/mx\/wp-content\/uploads\/2025\/12\/03.EXPERIENCIA_1_SUNSET_ON_THE_SNOW_TRAIL-150x150.png 150w, https:\/\/nuba.com\/mx\/wp-content\/uploads\/2025\/12\/03.EXPERIENCIA_1_SUNSET_ON_THE_SNOW_TRAIL-768x768.png 768w, https:\/\/nuba.com\/mx\/wp-content\/uploads\/2025\/12\/03.EXPERIENCIA_1_SUNSET_ON_THE_SNOW_TRAIL-494x494.png 494w, https:\/\/nuba.com\/mx\/wp-content\/uploads\/2025\/12\/03.EXPERIENCIA_1_SUNSET_ON_THE_SNOW_TRAIL-395x395.png 395w, https:\/\/nuba.com\/mx\/wp-content\/uploads\/2025\/12\/03.EXPERIENCIA_1_SUNSET_ON_THE_SNOW_TRAIL-528x528.png 528w, https:\/\/nuba.com\/mx\/wp-content\/uploads\/2025\/12\/03.EXPERIENCIA_1_SUNSET_ON_THE_SNOW_TRAIL-788x788.png 788w, https:\/\/nuba.com\/mx\/wp-content\/uploads\/2025\/12\/03.EXPERIENCIA_1_SUNSET_ON_THE_SNOW_TRAIL-600x600.png 600w, https:\/\/nuba.com\/mx\/wp-content\/uploads\/2025\/12\/03.EXPERIENCIA_1_SUNSET_ON_THE_SNOW_TRAIL-100x100.png 100w\" sizes=\"(max-width: 800px) 100vw, 800px\" \/>\t\t\t\t\t\t\t\t\t\t\t\t\t\t\t<\/div>\n\t\t\t\t<\/div>\n\t\t\t\t\t<\/div>\n\t\t<\/div>\n\t\t\t\t\t<\/div>\n\t\t<\/section>\n\t\t\t\t<section class=\"elementor-section elementor-top-section elementor-element elementor-element-d8d32f2 elementor-section-boxed elementor-section-height-default elementor-section-height-default\" data-id=\"d8d32f2\" data-element_type=\"section\" data-e-type=\"section\">\n\t\t\t\t\t\t<div class=\"elementor-container elementor-column-gap-default\">\n\t\t\t\t\t<div class=\"elementor-column elementor-col-100 elementor-top-column elementor-element elementor-element-443af7c\" data-id=\"443af7c\" data-element_type=\"column\" data-e-type=\"column\">\n\t\t\t<div class=\"elementor-widget-wrap elementor-element-populated\">\n\t\t\t\t\t\t<div class=\"elementor-element elementor-element-87da19f elementor-widget elementor-widget-text-editor\" data-id=\"87da19f\" data-element_type=\"widget\" data-e-type=\"widget\" data-widget_type=\"text-editor.default\">\n\t\t\t\t<div class=\"elementor-widget-container\">\n\t\t\t\t\t\t\t\t\t<h2 class=\"p2\"><b>Italia \u2014 Cortina d\u2019Ampezzo, Dolomitas <\/b><b><\/b><\/h2><h2 class=\"p3\"><b><i>HOTEL de L\u00cbN <\/i><\/b><\/h2><p class=\"p2\">Conocida como la \u201cReina de los Dolomitas\u201d, <b>Cortina d\u2019Ampezzo <\/b>combina elegancia italiana, tradici\u00f3n alpina y un escenario natural inconfundible. Rodeada por cumbres ic\u00f3nicas y bosques serenos, es un destino donde el esqu\u00ed convive con una vida cultural activa, refugios gastron\u00f3micos y un estilo de monta\u00f1a aut\u00e9ntico.<\/p><p class=\"p2\"><b>D\u00f3nde hospedarse <\/b><b><\/b><\/p><p class=\"p3\">El <b>HOTEL de L\u00cbN <\/b>reinterpreta la hospitalidad alpina desde el dise\u00f1o y la sostenibilidad: madera local trabajada con precisi\u00f3n, l\u00edneas limpias y una atm\u00f3sfera c\u00e1lida que dialoga con el paisaje. Las habitaciones funcionan como refugios contempor\u00e1neos orientados a la calma; el spa \u2014con sauna, ba\u00f1o turco y circuito termal\u2014 sigue los ritmos naturales de la monta\u00f1a. La cocina rescata el producto del V\u00e9neto con una lectura actual, honesta y sin exceso.<\/p>\t\t\t\t\t\t\t\t<\/div>\n\t\t\t\t<\/div>\n\t\t\t\t\t<\/div>\n\t\t<\/div>\n\t\t\t\t\t<\/div>\n\t\t<\/section>\n\t\t\t\t<section class=\"elementor-section elementor-top-section elementor-element elementor-element-2362815 elementor-section-boxed elementor-section-height-default elementor-section-height-default\" data-id=\"2362815\" data-element_type=\"section\" data-e-type=\"section\">\n\t\t\t\t\t\t<div class=\"elementor-container elementor-column-gap-default\">\n\t\t\t\t\t<div class=\"elementor-column elementor-col-100 elementor-top-column elementor-element elementor-element-a55548a\" data-id=\"a55548a\" data-element_type=\"column\" data-e-type=\"column\">\n\t\t\t<div class=\"elementor-widget-wrap elementor-element-populated\">\n\t\t\t\t\t\t<div class=\"elementor-element elementor-element-16236d4 elementor-widget elementor-widget-image\" data-id=\"16236d4\" data-element_type=\"widget\" data-e-type=\"widget\" data-widget_type=\"image.default\">\n\t\t\t\t<div class=\"elementor-widget-container\">\n\t\t\t\t\t\t\t\t\t\t\t\t\t\t\t<img loading=\"lazy\" decoding=\"async\" width=\"800\" height=\"402\" src=\"https:\/\/nuba.com\/mx\/wp-content\/uploads\/2025\/12\/03.EXPERIENCIA_1_SKI_SAFARI_GUIA_PRIVADO.jpg\" class=\"attachment-large size-large wp-image-25741\" alt=\"\" srcset=\"https:\/\/nuba.com\/mx\/wp-content\/uploads\/2025\/12\/03.EXPERIENCIA_1_SKI_SAFARI_GUIA_PRIVADO.jpg 1024w, https:\/\/nuba.com\/mx\/wp-content\/uploads\/2025\/12\/03.EXPERIENCIA_1_SKI_SAFARI_GUIA_PRIVADO-300x151.jpg 300w, https:\/\/nuba.com\/mx\/wp-content\/uploads\/2025\/12\/03.EXPERIENCIA_1_SKI_SAFARI_GUIA_PRIVADO-768x386.jpg 768w, https:\/\/nuba.com\/mx\/wp-content\/uploads\/2025\/12\/03.EXPERIENCIA_1_SKI_SAFARI_GUIA_PRIVADO-739x371.jpg 739w, https:\/\/nuba.com\/mx\/wp-content\/uploads\/2025\/12\/03.EXPERIENCIA_1_SKI_SAFARI_GUIA_PRIVADO-395x198.jpg 395w, https:\/\/nuba.com\/mx\/wp-content\/uploads\/2025\/12\/03.EXPERIENCIA_1_SKI_SAFARI_GUIA_PRIVADO-788x396.jpg 788w, https:\/\/nuba.com\/mx\/wp-content\/uploads\/2025\/12\/03.EXPERIENCIA_1_SKI_SAFARI_GUIA_PRIVADO-600x301.jpg 600w\" sizes=\"(max-width: 800px) 100vw, 800px\" \/>\t\t\t\t\t\t\t\t\t\t\t\t\t\t\t<\/div>\n\t\t\t\t<\/div>\n\t\t\t\t<div class=\"elementor-element elementor-element-0c43816 elementor-widget elementor-widget-text-editor\" data-id=\"0c43816\" data-element_type=\"widget\" data-e-type=\"widget\" data-widget_type=\"text-editor.default\">\n\t\t\t\t<div class=\"elementor-widget-container\">\n\t\t\t\t\t\t\t\t\t<h2 class=\"p2\"><b>Francia \u2014 Val d\u2019Is\u00e8re, Alpes Franceses <\/b><b><\/b><\/h2><h2 class=\"p3\"><b><i>Airelles Val d\u2019Is\u00e8re<\/i><\/b><\/h2><p class=\"p2\">Ubicado en el coraz\u00f3n de los Alpes, Val d\u2019Is\u00e8re combina el encanto de un pueblo alpino hist\u00f3rico con uno de los dominios de esqu\u00ed m\u00e1s prestigiosos del mundo. Su arquitectura de piedra y madera, las luces reflejadas sobre los tejados nevados y el sonido de los esqu\u00eds desliz\u00e1ndose por las calles crean una atm\u00f3sfera que solo puede describirse como aut\u00e9nticamente alpina. Aqu\u00ed, la temporada invernal se vive con estilo franc\u00e9s: d\u00edas entre monta\u00f1as infinitas, tardes en terrazas soleadas y noches donde el esqu\u00ed cede protagonismo a la gastronom\u00eda y la vida social.<\/p><p class=\"p2\"><b>D\u00f3nde hospedarse <\/b><b><\/b><\/p><p class=\"p3\">El Airelles Val d\u2019Is\u00e8re es el \u00fanico hotel de lujo con acceso directo a las pistas del pueblo. Inspirado en los castillos del siglo XV, combina la calidez del dise\u00f1o alpino con el refinamiento franc\u00e9s. Las habitaciones, decoradas con textiles bordados y maderas nobles, invitan a la calma tras una jornada de esqu\u00ed. El <i>Spa Guerlain<\/i>, con su piscina interior rodeada de piedra natural y su carta de tratamientos exclusivos, es uno de los m\u00e1s destacados de los Alpes. Su propuesta gastron\u00f3mica, encabezada por Pierre Gagnaire, celebra los sabores de Saboya<\/p><p class=\"p3\">con t\u00e9cnicas contempor\u00e1neas. Aqu\u00ed, el servicio no se anticipa: se adelanta. Cada estancia se convierte en una experiencia artesanal, dise\u00f1ada al detalle.<\/p>\t\t\t\t\t\t\t\t<\/div>\n\t\t\t\t<\/div>\n\t\t\t\t\t<\/div>\n\t\t<\/div>\n\t\t\t\t\t<\/div>\n\t\t<\/section>\n\t\t\t\t<section class=\"elementor-section elementor-top-section elementor-element elementor-element-ecf8c27 elementor-section-boxed elementor-section-height-default elementor-section-height-default\" data-id=\"ecf8c27\" data-element_type=\"section\" data-e-type=\"section\">\n\t\t\t\t\t\t<div class=\"elementor-container elementor-column-gap-default\">\n\t\t\t\t\t<div class=\"elementor-column elementor-col-100 elementor-top-column elementor-element elementor-element-cd6eed3\" data-id=\"cd6eed3\" data-element_type=\"column\" data-e-type=\"column\">\n\t\t\t<div class=\"elementor-widget-wrap elementor-element-populated\">\n\t\t\t\t\t\t<div class=\"elementor-element elementor-element-a599898 elementor-widget elementor-widget-image\" data-id=\"a599898\" data-element_type=\"widget\" data-e-type=\"widget\" data-widget_type=\"image.default\">\n\t\t\t\t<div class=\"elementor-widget-container\">\n\t\t\t\t\t\t\t\t\t\t\t\t\t\t\t<img decoding=\"async\" src=\"\" title=\"\" alt=\"big sky montana\" loading=\"lazy\" \/>\t\t\t\t\t\t\t\t\t\t\t\t\t\t\t<\/div>\n\t\t\t\t<\/div>\n\t\t\t\t<div class=\"elementor-element elementor-element-d1f3b38 elementor-widget elementor-widget-text-editor\" data-id=\"d1f3b38\" data-element_type=\"widget\" data-e-type=\"widget\" data-widget_type=\"text-editor.default\">\n\t\t\t\t<div class=\"elementor-widget-container\">\n\t\t\t\t\t\t\t\t\t<h2 class=\"p2\"><b>Canad\u00e1 \u2014 Mont-Tremblant, Quebec <\/b><b><\/b><\/h2><h2 class=\"p3\"><b><i>Fairmont Tremblant <\/i><\/b><\/h2><p class=\"p2\">A solo hora y media de Montreal, <b>Mont-Tremblant <\/b>combina el esp\u00edritu alpino europeo con la calidez canadiense. Sus calles empedradas, techos de colores y cafeter\u00edas artesanales evocan un pueblo de los Alpes franceses, mientras las monta\u00f1as y los bosques que lo rodean ofrecen un escenario natural impresionante. El invierno aqu\u00ed se vive sin prisa: esqu\u00ed, caminatas por senderos nevados, mercados navide\u00f1os y el aroma del <i>maple syrup <\/i>que perfuma el aire. Es un destino que celebra la hospitalidad, la buena mesa y la belleza de lo simple.<\/p><p class=\"p2\"><b>D\u00f3nde hospedarse <\/b><b><\/b><\/p><p class=\"p3\">En la base de la monta\u00f1a, el <b>Fairmont Tremblant <\/b>domina el paisaje con la elegancia cl\u00e1sica de la marca. Su arquitectura, inspirada en los <i>ch\u00e2teaux <\/i>de Quebec, combina piedra, madera y chimeneas encendidas que crean una atm\u00f3sfera acogedora desde la llegada. Las habitaciones reflejan el confort de la monta\u00f1a con toques contempor\u00e1neos y vistas al valle o a las pistas. El <i>Moment Spa <\/i>ofrece tratamientos con productos de arce y aceites locales, mientras que el restaurante <i>Choux Gras Brasserie Culinaire <\/i>reinterpreta la cocina francesa con ingredientes de la regi\u00f3n. Es el tipo de lugar donde cada detalle invita a quedarse m\u00e1s tiempo: el sonido de la nieve bajo los pasos, el fuego del lobby, el aroma a pan reci\u00e9n horneado.<\/p>\t\t\t\t\t\t\t\t<\/div>\n\t\t\t\t<\/div>\n\t\t\t\t\t<\/div>\n\t\t<\/div>\n\t\t\t\t\t<\/div>\n\t\t<\/section>\n\t\t<div class=\"elementor-element elementor-element-194dec7 e-flex e-con-boxed e-con e-parent\" data-id=\"194dec7\" data-element_type=\"container\" data-e-type=\"container\">\n\t\t\t\t\t<div class=\"e-con-inner\">\n\t\t\t\t\t<\/div>\n\t\t\t\t<\/div>\n\t\t\t\t<\/div>\n\t\t","protected":false},"excerpt":{"rendered":"<p>El invierno no se trata solo de nieve. El invierno no se trata solo de nieve. Se trata de destinos que transforman la temporada en una experiencia de dise\u00f1o, bienestar y descubrimiento. Desde las cumbres m\u00e1s exclusivas de Jap\u00f3n hasta los valles suizos o el aire puro de Colorado, NUBA selecciona lugares donde el esqu\u00ed [&hellip;]<\/p>\n","protected":false},"author":35,"featured_media":25731,"comment_status":"closed","ping_status":"closed","sticky":false,"template":"","format":"standard","meta":{"footnotes":""},"categories":[42,37],"tags":[],"class_list":["post-25716","post","type-post","status-publish","format-standard","has-post-thumbnail","hentry","category-noticias-nuba","category-tendencia-viajes"],"_links":{"self":[{"href":"https:\/\/nuba.com\/mx\/wp-json\/wp\/v2\/posts\/25716","targetHints":{"allow":["GET"]}}],"collection":[{"href":"https:\/\/nuba.com\/mx\/wp-json\/wp\/v2\/posts"}],"about":[{"href":"https:\/\/nuba.com\/mx\/wp-json\/wp\/v2\/types\/post"}],"author":[{"embeddable":true,"href":"https:\/\/nuba.com\/mx\/wp-json\/wp\/v2\/users\/35"}],"replies":[{"embeddable":true,"href":"https:\/\/nuba.com\/mx\/wp-json\/wp\/v2\/comments?post=25716"}],"version-history":[{"count":20,"href":"https:\/\/nuba.com\/mx\/wp-json\/wp\/v2\/posts\/25716\/revisions"}],"predecessor-version":[{"id":25869,"href":"https:\/\/nuba.com\/mx\/wp-json\/wp\/v2\/posts\/25716\/revisions\/25869"}],"wp:featuredmedia":[{"embeddable":true,"href":"https:\/\/nuba.com\/mx\/wp-json\/wp\/v2\/media\/25731"}],"wp:attachment":[{"href":"https:\/\/nuba.com\/mx\/wp-json\/wp\/v2\/media?parent=25716"}],"wp:term":[{"taxonomy":"category","embeddable":true,"href":"https:\/\/nuba.com\/mx\/wp-json\/wp\/v2\/categories?post=25716"},{"taxonomy":"post_tag","embeddable":true,"href":"https:\/\/nuba.com\/mx\/wp-json\/wp\/v2\/tags?post=25716"}],"curies":[{"name":"wp","href":"https:\/\/api.w.org\/{rel}","templated":true}]}}